{"id":161,"date":"2020-09-14T19:53:41","date_gmt":"2020-09-14T17:53:41","guid":{"rendered":"https:\/\/samorzad-new.wmi.amu.edu.pl\/?p=161"},"modified":"2020-09-23T12:54:32","modified_gmt":"2020-09-23T10:54:32","slug":"witaj-swiecie-2","status":"publish","type":"post","link":"https:\/\/samorzad.wmi.amu.edu.pl\/en\/witaj-swiecie-2\/","title":{"rendered":"Profesor Krzysztof Dyczkowski nowym dziekanem WMiI!"},"content":{"rendered":"<p>Rada naukowa dyscypliny w poszerzonym sk\u0142adzie w celu wskazania kandydata na dziekana oraz prodziekan\u00f3w Wydzia\u0142u Matematyki i Informatyki UAM na posiedzeniu (odbywaj\u0105cym si\u0119 w trybie zdalnym na platformie MS Teams) w dniu 8 wrze\u015bnia 2020 roku wskaza\u0142a jako kandydata na dziekana na kadencj\u0119 2020\u20132024 prof. UAM dra hab. Krzysztofa Dyczkowskiego. Kandydat uzyska\u0142 w g\u0142osowaniu tajnym bezwzgl\u0119dn\u0105 wi\u0119kszo\u015b\u0107 g\u0142os\u00f3w, tzn. 65 g\u0142os\u00f3w spo\u015br\u00f3d 96 g\u0142os\u00f3w wa\u017cnych, czyli 67,7 procent. Kandydatura zosta\u0142a przedstawiona JM Pani Rektor UAM do akceptacji, kt\u00f3r\u0105 rozpatrzono pozytywnie.<\/p>\n<p>Tym samym prof. UAM dra hab. Krzysztof Dyczkowski zosta\u0142 dziekanem Wydzia\u0142u Matematyki i Informatyki w Poznaniu. Serdecznie gratulujemy!<\/p>","protected":false},"excerpt":{"rendered":"<p>Rada naukowa dyscypliny w poszerzonym sk\u0142adzie w celu wskazania kandydata na dziekana oraz prodziekan\u00f3w Wydzia\u0142u Matematyki i Informatyki UAM na posiedzeniu (odbywaj\u0105cym si\u0119 w trybie zdalnym na platformie MS Teams) w dniu 8 wrze\u015bnia 2020 roku wskaza\u0142a jako kandydata na dziekana na kadencj\u0119 2020\u20132024 prof. UAM dra hab. Krzysztofa Dyczkowskiego. &hellip;<\/p>","protected":false},"author":1,"featured_media":220,"comment_status":"open","ping_status":"open","sticky":false,"template":"","format":"standard","meta":[],"categories":[4],"tags":[12,11,10],"_links":{"self":[{"href":"https:\/\/samorzad.wmi.amu.edu.pl\/en\/wp-json\/wp\/v2\/posts\/161"}],"collection":[{"href":"https:\/\/samorzad.wmi.amu.edu.pl\/en\/wp-json\/wp\/v2\/posts"}],"about":[{"href":"https:\/\/samorzad.wmi.amu.edu.pl\/en\/wp-json\/wp\/v2\/types\/post"}],"author":[{"embeddable":true,"href":"https:\/\/samorzad.wmi.amu.edu.pl\/en\/wp-json\/wp\/v2\/users\/1"}],"replies":[{"embeddable":true,"href":"https:\/\/samorzad.wmi.amu.edu.pl\/en\/wp-json\/wp\/v2\/comments?post=161"}],"version-history":[{"count":3,"href":"https:\/\/samorzad.wmi.amu.edu.pl\/en\/wp-json\/wp\/v2\/posts\/161\/revisions"}],"predecessor-version":[{"id":219,"href":"https:\/\/samorzad.wmi.amu.edu.pl\/en\/wp-json\/wp\/v2\/posts\/161\/revisions\/219"}],"wp:featuredmedia":[{"embeddable":true,"href":"https:\/\/samorzad.wmi.amu.edu.pl\/en\/wp-json\/wp\/v2\/media\/220"}],"wp:attachment":[{"href":"https:\/\/samorzad.wmi.amu.edu.pl\/en\/wp-json\/wp\/v2\/media?parent=161"}],"wp:term":[{"taxonomy":"category","embeddable":true,"href":"https:\/\/samorzad.wmi.amu.edu.pl\/en\/wp-json\/wp\/v2\/categories?post=161"},{"taxonomy":"post_tag","embeddable":true,"href":"https:\/\/samorzad.wmi.amu.edu.pl\/en\/wp-json\/wp\/v2\/tags?post=161"}],"curies":[{"name":"wp","href":"https:\/\/api.w.org\/{rel}","templated":true}]}}